{"id":1078,"date":"2021-01-08T12:00:00","date_gmt":"2021-01-08T11:00:00","guid":{"rendered":"http:\/\/timsspei.splet.arnes.si\/?p=1078"},"modified":"2022-03-11T10:53:55","modified_gmt":"2022-03-11T09:53:55","slug":"vpliv-epidemije-covid-na-matematiko","status":"publish","type":"post","link":"https:\/\/timsspei.splet.arnes.si\/?p=1078","title":{"rendered":"Vpliv epidemije Covid na matematiko"},"content":{"rendered":"\n<div class=\"wp-block-image\"><figure class=\"alignleft is-resized\"><img loading=\"lazy\" decoding=\"async\" src=\"https:\/\/www.pei.si\/wp-content\/uploads\/2020\/09\/978-961-270-326-4_platnica-1-719x1024.jpg\" alt=\"\" width=\"251\" height=\"356\" \/><\/figure><\/div>\n\n\n\n<p>V <a href=\"https:\/\/www.pei.si\/ISBN\/verjeten-vpliv-epidemije-covid%E2%80%9119-na-izobrazevanje\/\">Digitalni knji\u017enici Pedago\u0161kega in\u0161tituta<\/a> je iz\u0161el prevod <\/p>\n\n\n\n<p><strong><a href=\"https:\/\/www.pei.si\/ISBN\/978-961-270-326-4.pdf\">Verjeten vpliv epidemije COVID\u201119 na izobra\u017eevanje: Razmisleki, ki temeljijo na obstoje\u010di literaturi in nedavnih mednarodnih zbirkah podatkov<\/a><\/strong>.    <\/p>\n\n\n\n<p>Avtorji v \u0161tudiji med drugim izpostavijo verjetni primanjkljaj u\u010dencev v znanju matematike. Opozorijo na problematiko pomo\u010di star\u0161ev otrokom pri \u0161olanju na daljavo, ki jim vsi star\u0161i ne morejo pomagati enako dobro. \u010ceprav so lahko star\u0161i odli\u010dni v znanju matematike, pa zelo verjetno ne poznajo vsi pedago\u0161kih pristopov za pou\u010devanje  kognitivno zahtevnej\u0161ih vsebin. Napovedujejo potrebe po dodatnih aktivnostih za dopolnjevanje znanja po vrnitvi v \u0161olo. <\/p>\n\n\n\n<p><\/p>\n","protected":false},"excerpt":{"rendered":"<p>V Digitalni knji\u017enici Pedago\u0161kega in\u0161tituta je iz\u0161el prevod Verjeten vpliv epidemije COVID\u201119 na izobra\u017eevanje: Razmisleki, ki temeljijo na obstoje\u010di literaturi in nedavnih mednarodnih zbirkah podatkov. Avtorji v \u0161tudiji med drugim izpostavijo verjetni primanjkljaj u\u010dencev v&#46;&#46;&#46;<\/p>\n","protected":false},"author":147,"featured_media":1215,"comment_status":"open","ping_status":"open","sticky":false,"template":"","format":"standard","meta":{"ngg_post_thumbnail":0,"footnotes":""},"categories":[1],"tags":[],"class_list":["post-1078","post","type-post","status-publish","format-standard","has-post-thumbnail","hentry","category-splosno"],"_links":{"self":[{"href":"https:\/\/timsspei.splet.arnes.si\/index.php?rest_route=\/wp\/v2\/posts\/1078","targetHints":{"allow":["GET"]}}],"collection":[{"href":"https:\/\/timsspei.splet.arnes.si\/index.php?rest_route=\/wp\/v2\/posts"}],"about":[{"href":"https:\/\/timsspei.splet.arnes.si\/index.php?rest_route=\/wp\/v2\/types\/post"}],"author":[{"embeddable":true,"href":"https:\/\/timsspei.splet.arnes.si\/index.php?rest_route=\/wp\/v2\/users\/147"}],"replies":[{"embeddable":true,"href":"https:\/\/timsspei.splet.arnes.si\/index.php?rest_route=%2Fwp%2Fv2%2Fcomments&post=1078"}],"version-history":[{"count":4,"href":"https:\/\/timsspei.splet.arnes.si\/index.php?rest_route=\/wp\/v2\/posts\/1078\/revisions"}],"predecessor-version":[{"id":1217,"href":"https:\/\/timsspei.splet.arnes.si\/index.php?rest_route=\/wp\/v2\/posts\/1078\/revisions\/1217"}],"wp:featuredmedia":[{"embeddable":true,"href":"https:\/\/timsspei.splet.arnes.si\/index.php?rest_route=\/wp\/v2\/media\/1215"}],"wp:attachment":[{"href":"https:\/\/timsspei.splet.arnes.si\/index.php?rest_route=%2Fwp%2Fv2%2Fmedia&parent=1078"}],"wp:term":[{"taxonomy":"category","embeddable":true,"href":"https:\/\/timsspei.splet.arnes.si\/index.php?rest_route=%2Fwp%2Fv2%2Fcategories&post=1078"},{"taxonomy":"post_tag","embeddable":true,"href":"https:\/\/timsspei.splet.arnes.si\/index.php?rest_route=%2Fwp%2Fv2%2Ftags&post=1078"}],"curies":[{"name":"wp","href":"https:\/\/api.w.org\/{rel}","templated":true}]}}