{"id":645,"date":"2016-01-27T12:00:25","date_gmt":"2016-01-27T10:00:25","guid":{"rendered":"http:\/\/timsspei.splet.arnes.si\/?p=645"},"modified":"2021-01-11T14:35:05","modified_gmt":"2021-01-11T13:35:05","slug":"slovenski-ucenci-najbolj-na-svetu-niso-radi-v-soli","status":"publish","type":"post","link":"https:\/\/timsspei.splet.arnes.si\/?p=645","title":{"rendered":"Slovenski u\u010denci najbolj na svetu niso radi v \u0161oli"},"content":{"rendered":"<p>Ameri\u0161ki center za statistike izobra\u017eevanja je objavil prikaz dele\u017ea u\u010dencev, ki so radi v \u0161oli in ki se radi u\u010dijo matematiko po podatih iz raziskave TIMSS 2011. Na obeh prikazih je dele\u017e tak\u0161nih slovenskih osmo\u0161olcev najni\u017eji med vsemi dr\u017eavami.\u00a0 Zaradi objavljenega prikaza smo bili v mednarodni projektni skupini, na mednarodnem sestanku, izpostavljeni kot dr\u017eava, ki sicer z relativno dobrimi dose\u017eki ka\u017ee presenetljivo negativen odnos do u\u010denja.<\/p>\n<p style=\"text-align: right\">(Kliknite na prikaza za ve\u010d informacij.)<\/p>\n<p><a href=\"http:\/\/nces.ed.gov\/surveys\/international\/reports\/2011-timss-LikeSchoolSnapshot.asp\"><img loading=\"lazy\" decoding=\"async\" class=\"aligncenter size-full wp-image-651\" src=\"http:\/\/timsspei.splet.arnes.si\/files\/2016\/01\/2011-timss-LikeSchoolSnapshot-e1453887802409.jpg\" alt=\"2011-timss-LikeSchoolSnapshot\" width=\"1032\" height=\"908\" srcset=\"https:\/\/timsspei.splet.arnes.si\/files\/2016\/01\/2011-timss-LikeSchoolSnapshot-e1453887802409.jpg 1032w, https:\/\/timsspei.splet.arnes.si\/files\/2016\/01\/2011-timss-LikeSchoolSnapshot-e1453887802409-300x264.jpg 300w, https:\/\/timsspei.splet.arnes.si\/files\/2016\/01\/2011-timss-LikeSchoolSnapshot-e1453887802409-1024x901.jpg 1024w, https:\/\/timsspei.splet.arnes.si\/files\/2016\/01\/2011-timss-LikeSchoolSnapshot-e1453887802409-341x300.jpg 341w\" sizes=\"auto, (max-width: 1032px) 100vw, 1032px\" \/><\/a><a href=\"http:\/\/nces.ed.gov\/surveys\/international\/reports\/2011-timss-LikeMathSnapshot.asp\"><img loading=\"lazy\" decoding=\"async\" class=\"aligncenter size-full wp-image-650\" src=\"http:\/\/timsspei.splet.arnes.si\/files\/2016\/01\/2011-timss-LikeMathSnapshot-e1453888127695.jpg\" alt=\"2011-timss-LikeMathSnapshot\" width=\"1052\" height=\"823\" srcset=\"https:\/\/timsspei.splet.arnes.si\/files\/2016\/01\/2011-timss-LikeMathSnapshot-e1453888127695.jpg 1052w, https:\/\/timsspei.splet.arnes.si\/files\/2016\/01\/2011-timss-LikeMathSnapshot-e1453888127695-300x235.jpg 300w, https:\/\/timsspei.splet.arnes.si\/files\/2016\/01\/2011-timss-LikeMathSnapshot-e1453888127695-1024x801.jpg 1024w, https:\/\/timsspei.splet.arnes.si\/files\/2016\/01\/2011-timss-LikeMathSnapshot-e1453888127695-383x300.jpg 383w\" sizes=\"auto, (max-width: 1052px) 100vw, 1052px\" \/><\/a>Na problem padajo\u010de in nizke motivacije za u\u010denje opozarjamo \u017ee ve\u010d let, vendar \u0161e nismo zaznali, da bi ga pri nas kdo za\u010del re\u0161evati. Na\u0161i u\u010denci tako zapu\u0161\u010dajo osnovno \u0161olo v prepri\u010danju, da ni narobe, \u010de svojih \u0161olskih dol\u017enosti ne opravi\u0161 z veseljem. Se bomo \u010dez nekaj let soo\u010dili z generacijami ljudi, ki bodo izra\u017eali odpor in nezanimanje za svoje redne delovne obveznosti? Ali se bomo strinjali, da je tako prav?<\/p>\n","protected":false},"excerpt":{"rendered":"<p>Ameri\u0161ki center za statistike izobra\u017eevanja je objavil prikaz dele\u017ea u\u010dencev, ki so radi v \u0161oli in ki se radi u\u010dijo matematiko po podatih iz raziskave TIMSS 2011. Na obeh prikazih je dele\u017e tak\u0161nih slovenskih osmo\u0161olcev&#46;&#46;&#46;<\/p>\n","protected":false},"author":147,"featured_media":0,"comment_status":"open","ping_status":"open","sticky":false,"template":"","format":"standard","meta":{"ngg_post_thumbnail":0,"footnotes":""},"categories":[1],"tags":[],"class_list":["post-645","post","type-post","status-publish","format-standard","hentry","category-splosno"],"_links":{"self":[{"href":"https:\/\/timsspei.splet.arnes.si\/index.php?rest_route=\/wp\/v2\/posts\/645","targetHints":{"allow":["GET"]}}],"collection":[{"href":"https:\/\/timsspei.splet.arnes.si\/index.php?rest_route=\/wp\/v2\/posts"}],"about":[{"href":"https:\/\/timsspei.splet.arnes.si\/index.php?rest_route=\/wp\/v2\/types\/post"}],"author":[{"embeddable":true,"href":"https:\/\/timsspei.splet.arnes.si\/index.php?rest_route=\/wp\/v2\/users\/147"}],"replies":[{"embeddable":true,"href":"https:\/\/timsspei.splet.arnes.si\/index.php?rest_route=%2Fwp%2Fv2%2Fcomments&post=645"}],"version-history":[{"count":7,"href":"https:\/\/timsspei.splet.arnes.si\/index.php?rest_route=\/wp\/v2\/posts\/645\/revisions"}],"predecessor-version":[{"id":997,"href":"https:\/\/timsspei.splet.arnes.si\/index.php?rest_route=\/wp\/v2\/posts\/645\/revisions\/997"}],"wp:attachment":[{"href":"https:\/\/timsspei.splet.arnes.si\/index.php?rest_route=%2Fwp%2Fv2%2Fmedia&parent=645"}],"wp:term":[{"taxonomy":"category","embeddable":true,"href":"https:\/\/timsspei.splet.arnes.si\/index.php?rest_route=%2Fwp%2Fv2%2Fcategories&post=645"},{"taxonomy":"post_tag","embeddable":true,"href":"https:\/\/timsspei.splet.arnes.si\/index.php?rest_route=%2Fwp%2Fv2%2Ftags&post=645"}],"curies":[{"name":"wp","href":"https:\/\/api.w.org\/{rel}","templated":true}]}}